{"id":317,"date":"2011-11-23T09:36:44","date_gmt":"2011-11-23T08:36:44","guid":{"rendered":"http:\/\/kombi.bartlomiejwutkowski.com\/?p=317"},"modified":"2016-10-06T14:29:21","modified_gmt":"2016-10-06T13:29:21","slug":"d-day-desperados-international-meeting-organizacja-eventow","status":"publish","type":"post","link":"https:\/\/grupakombinat.pl\/index.php\/d-day-desperados-international-meeting-organizacja-eventow\/","title":{"rendered":"D-Day Desperados International Meeting"},"content":{"rendered":"<p><strong>Opis projektu:<\/strong> W 2011 r. odby\u0142o si\u0119 spotkanie warsztatowe brand manager\u00f3w Desperados z ca\u0142ego \u015bwiata.<\/p>\n<p><strong>Zadania agencji:<\/strong> Maksymalnie wykorzystali\u015bmy narz\u0119dzia mobilne tak, aby marka na bie\u017c\u0105co funkcjonowa\u0142a w \u015bwiecie u\u017cytkownik\u00f3w \u2013 tym samym konsument\u00f3w marki. Demograficzne przes\u0142anki przesta\u0142y istnie\u0107 \u2013 wszystkich zdefiniowali\u015bmy behawioralnie. Dali\u015bmy uczestnikom wp\u0142yw i kontrol\u0119 na rozw\u00f3j wydarzenia, stymuluj\u0105c ich kreatywno\u015b\u0107, komunikacj\u0119 i liczb\u0119 kontakt\u00f3w. Zaprosili\u015bmy ich do \u015bwiata bez granic, gdzie uwolnili swoj\u0105 natur\u0119 cz\u0119sto balansuj\u0105c na kraw\u0119dzi rzeczywistego \u015bwiata. Od chwili przylotu do Warszawy a\u017c po wylot Go\u015b\u0107mi zaj\u0119li si\u0119 \u201etubylcy\u201d \u2013 pi\u0119cioosobowa grupa przyjaci\u00f3\u0142 mocno sprofilowana na warto\u015bci GEN C, wybrana podczas casting\u00f3w. Tym samym dali\u015bmy uczestnikom wydarzenia \u017cyw\u0105 pr\u00f3bk\u0119 obyczaj\u00f3w od dom\u00f3wki poprzez klub\u00f3wk\u0119 nie wy\u0142\u0105czaj\u0105c uzupe\u0142nienia garderoby w rekomendowanym sklepie. Duch Desperados nie opuszcza\u0142 naszych Go\u015bci nawet w hotelu, gdzie ka\u017cdy z pokoi przeszed\u0142 metamorfoz\u0119. Warszawa odkry\u0142a swoj\u0105 dzik\u0105 natur\u0119 i ca\u0142kiem na dziko wpisa\u0142a si\u0119 w pami\u0119\u0107 uczestnik\u00f3w!<\/p>\n<p><strong>Rozdzaj:<\/strong> Organizacja event\u00f3w, Organizacja wydarzenia, organizacja eventu vip.<\/p>\n","protected":false},"excerpt":{"rendered":"<p>Opis projektu: W 2011 r. odby\u0142o si\u0119 spotkanie warsztatowe brand manager\u00f3w Desperados z ca\u0142ego \u015bwiata. Zadania agencji: Maksymalnie wykorzystali\u015bmy narz\u0119dzia mobilne tak, aby marka na bie\u017c\u0105co funkcjonowa\u0142a w \u015bwiecie u\u017cytkownik\u00f3w \u2013 tym samym konsument\u00f3w marki. Demograficzne przes\u0142anki przesta\u0142y istnie\u0107 \u2013 wszystkich zdefiniowali\u015bmy behawioralnie. Dali\u015bmy uczestnikom wp\u0142yw i kontrol\u0119 na rozw\u00f3j wydarzenia, stymuluj\u0105c ich kreatywno\u015b\u0107, komunikacj\u0119 [&hellip;]<\/p>\n","protected":false},"author":7,"featured_media":332,"comment_status":"closed","ping_status":"open","sticky":false,"template":"","format":"standard","meta":{"footnotes":""},"categories":[12,11],"tags":[28,83,21,73,70,75,29],"class_list":["post-317","post","type-post","status-publish","format-standard","has-post-thumbnail","hentry","category-komunikacja-2","category-marketing-wydarzen-2","tag-desperados","tag-event-vip","tag-kombinat","tag-organizacja-eventow","tag-organizacja-imprez","tag-organizacja-wydarzen","tag-zywiec"],"_links":{"self":[{"href":"https:\/\/grupakombinat.pl\/index.php\/wp-json\/wp\/v2\/posts\/317"}],"collection":[{"href":"https:\/\/grupakombinat.pl\/index.php\/wp-json\/wp\/v2\/posts"}],"about":[{"href":"https:\/\/grupakombinat.pl\/index.php\/wp-json\/wp\/v2\/types\/post"}],"author":[{"embeddable":true,"href":"https:\/\/grupakombinat.pl\/index.php\/wp-json\/wp\/v2\/users\/7"}],"replies":[{"embeddable":true,"href":"https:\/\/grupakombinat.pl\/index.php\/wp-json\/wp\/v2\/comments?post=317"}],"version-history":[{"count":6,"href":"https:\/\/grupakombinat.pl\/index.php\/wp-json\/wp\/v2\/posts\/317\/revisions"}],"predecessor-version":[{"id":879,"href":"https:\/\/grupakombinat.pl\/index.php\/wp-json\/wp\/v2\/posts\/317\/revisions\/879"}],"wp:featuredmedia":[{"embeddable":true,"href":"https:\/\/grupakombinat.pl\/index.php\/wp-json\/wp\/v2\/media\/332"}],"wp:attachment":[{"href":"https:\/\/grupakombinat.pl\/index.php\/wp-json\/wp\/v2\/media?parent=317"}],"wp:term":[{"taxonomy":"category","embeddable":true,"href":"https:\/\/grupakombinat.pl\/index.php\/wp-json\/wp\/v2\/categories?post=317"},{"taxonomy":"post_tag","embeddable":true,"href":"https:\/\/grupakombinat.pl\/index.php\/wp-json\/wp\/v2\/tags?post=317"}],"curies":[{"name":"wp","href":"https:\/\/api.w.org\/{rel}","templated":true}]}}